{"id":124,"date":"2024-02-12T22:15:48","date_gmt":"2024-02-12T22:15:48","guid":{"rendered":"https:\/\/www.acecliguria.it\/?p=124"},"modified":"2024-02-29T20:01:35","modified_gmt":"2024-02-29T20:01:35","slug":"la-liguria-del-cinema-la-riviera-di-ponente","status":"publish","type":"post","link":"https:\/\/www.acecliguria.it\/?p=124","title":{"rendered":"La Liguria del cinema. La Riviera di Ponente."},"content":{"rendered":"\n<p class=\"wp-block-paragraph\"><\/p>\n\n\n\n<p class=\"wp-block-paragraph\">Inaugurata presso La Fabbrica delle Immagini \u2013 Voltini Lab del Centro Civico Buranello di Genova Sampierdarena \u201cLa Liguria del cinema. La Riviera di Ponente.\u201d, mostra dedicata al rapporto tra il ponente ligure e la settima arte.<\/p>\n\n\n\n<p class=\"wp-block-paragraph\"><br>In questa occasione, il critico cinematografico e consulente dell&#8217;iniziativa Renato Venturelli ha condotto all&#8217;Auditorium del Centro Civico Buranello un incontro dedicato a \u201cFari nella nebbia\u201d di Gianni Franciolini, pellicola del 1942 ispirata al realismo poetico francese e ambientata in una Savona grigia e notturna.<\/p>\n\n\n\n<p class=\"wp-block-paragraph\">Realizzata dall\u2019associazione culturale Paperjam con la consulenza cinematografica di Renato Venturelli e il contributo di Coop Liguria \u2013 Azioni per la societ\u00e0 e in collaborazione con il Premio Cinematografico Stefano Pittaluga 2024, l&#8217;esposizione \u00e8 la seconda parte di una mostra pi\u00f9 ampia incentrata sulla relazione tra la Liguria e il cinema, la cui prima parte, dedicata a Genova, ha riscontrato un grande successo nei mesi scorsi registrando un&#8217;ottima affluenza di pubblico e una certa visibilit\u00e0 nazionale.<br>La presente esposizione \u00e8 una carrellata su come il cinema ha rappresentato la Riviera di Ponente e il suo entroterra, da Spotorno ad Alassio, da Arenzano a Varazze, da Savona ad Albenga. Questo considerando che il cinema ha sempre guardato alla provincia savonese e alla Riviera di Ponente per celebrare le sue bellezze paesaggistiche pi\u00f9 famose, ma anche per mostrarci le localit\u00e0 dell&#8217;interno o raccontarci i tanti aspetti della sua vita quotidiana.<\/p>\n\n\n\n<p class=\"wp-block-paragraph\"><br>La mostra sar\u00e0 aperta al pubblico, a ingresso libero, fino a venerd\u00ec 8 marzo dal marted\u00ec al venerd\u00ec (orario 16-19) e si potranno inoltre concordare con il Club Amici del Cinema, associazione che cura la programmazione de La Fabbrica delle Immagini \u2013 Voltini Lab, aperture particolari per visite di scuole e altri gruppi.<\/p>\n\n\n\n<p class=\"wp-block-paragraph\"><br>L&#8217;iniziativa sar\u00e0 accompagnata da tre incontri che si svolgeranno alle 17 all&#8217;Auditorium del Centro Civico Buranello su altrettanti film realizzati del tutto o in parte nella Riviera Ligure di Ponente: mercoled\u00ec 14 sar\u00e0 dedicato un approfondimento a \u201cI bambini ci guardano\u201d, uno dei primi capolavori diretti da Vittorio De Sica parzialmente ambientato ad Alassio; mercoled\u00ec 21 vi sar\u00e0 invece un incontro su \u201cLa spiaggia\u201d di Alberto Lattuada, commedia amara di ambientazione balneare girata in gran parte a Spotorno e della quale quest&#8217;anno ricorre il cinquantesimo anniversario.<\/p>\n","protected":false},"excerpt":{"rendered":"<p>Inaugurata presso La Fabbrica delle Immagini \u2013 Voltini Lab del Centro Civico Buranello di Genova Sampierdarena \u201cLa Liguria del cinema. La Riviera di Ponente.\u201d, mostra dedicata al rapporto tra il ponente ligure e la settima arte. In questa occasione, il critico cinematografico e consulente dell&#8217;iniziativa Renato Venturelli ha condotto all&#8217;Auditorium del Centro Civico Buranello un &hellip; <\/p>\n","protected":false},"author":2,"featured_media":126,"comment_status":"open","ping_status":"open","sticky":false,"template":"","format":"standard","meta":{"footnotes":""},"categories":[6],"tags":[],"class_list":["post-124","post","type-post","status-publish","format-standard","has-post-thumbnail","hentry","category-eventi"],"_links":{"self":[{"href":"https:\/\/www.acecliguria.it\/index.php?rest_route=\/wp\/v2\/posts\/124","targetHints":{"allow":["GET"]}}],"collection":[{"href":"https:\/\/www.acecliguria.it\/index.php?rest_route=\/wp\/v2\/posts"}],"about":[{"href":"https:\/\/www.acecliguria.it\/index.php?rest_route=\/wp\/v2\/types\/post"}],"author":[{"embeddable":true,"href":"https:\/\/www.acecliguria.it\/index.php?rest_route=\/wp\/v2\/users\/2"}],"replies":[{"embeddable":true,"href":"https:\/\/www.acecliguria.it\/index.php?rest_route=%2Fwp%2Fv2%2Fcomments&post=124"}],"version-history":[{"count":5,"href":"https:\/\/www.acecliguria.it\/index.php?rest_route=\/wp\/v2\/posts\/124\/revisions"}],"predecessor-version":[{"id":391,"href":"https:\/\/www.acecliguria.it\/index.php?rest_route=\/wp\/v2\/posts\/124\/revisions\/391"}],"wp:featuredmedia":[{"embeddable":true,"href":"https:\/\/www.acecliguria.it\/index.php?rest_route=\/wp\/v2\/media\/126"}],"wp:attachment":[{"href":"https:\/\/www.acecliguria.it\/index.php?rest_route=%2Fwp%2Fv2%2Fmedia&parent=124"}],"wp:term":[{"taxonomy":"category","embeddable":true,"href":"https:\/\/www.acecliguria.it\/index.php?rest_route=%2Fwp%2Fv2%2Fcategories&post=124"},{"taxonomy":"post_tag","embeddable":true,"href":"https:\/\/www.acecliguria.it\/index.php?rest_route=%2Fwp%2Fv2%2Ftags&post=124"}],"curies":[{"name":"wp","href":"https:\/\/api.w.org\/{rel}","templated":true}]}}